{"id":624,"date":"2021-11-15T17:18:49","date_gmt":"2021-11-15T15:18:49","guid":{"rendered":"https:\/\/viltis.lt\/lt\/?p=624"},"modified":"2022-02-17T17:24:43","modified_gmt":"2022-02-17T15:24:43","slug":"sociologinio-tyrimo-ataskaita","status":"publish","type":"post","link":"https:\/\/viltis.lt\/lt\/sociologinio-tyrimo-ataskaita\/","title":{"rendered":"Sociologinio tyrimo ataskaita"},"content":{"rendered":"<p>Lietuvos sutrikusio intelekto \u017emoni\u0173 globos bendrija \u201eViltis\u201c, siekdama susipa\u017einti su platesn\u0117mis galimyb\u0117mis \u012f savanori\u0161kas veiklas pritraukti \u012fvairi\u0173 profesini\u0173 \u017eini\u0173 \u012fgijusius 29 met\u0173 ir vyresnio am\u017eiaus asmenis ir skatinti j\u0173 motyvacij\u0105 nacionaliniu bei regioniniu lygmeniu teikti tikslin\u0119 savanori\u0161k\u0105 pagalb\u0105 sutrikusio intelekto \u017emon\u0117ms, j\u0173 \u0161eimos nariams bei glob\u0117jams, iniciavo visuomen\u0117s bei NVO atstov\u0173 nuomon\u0117s tyrim\u0105. \u0160iuo tyrimu buvo siekiama i\u0161siai\u0161kinti po\u017ei\u016br\u012f \u012f 29 met\u0173 ir vyresnio am\u017eiaus savanori\u0173, galin\u010di\u0173 pasidalinti savo turimomis profesin\u0117mis \u017einiomis, pritraukimo galimybes.<\/p>\n<p>Remiantis kiekybinio ir kokybini\u0173 tyrim\u0173 rezultatais ir i\u0161vadomis siekiama i\u0161siai\u0161kinti, kokios, visuomen\u0117s po\u017ei\u016briu, prie\u017eastys trukdo ar skatina vyresnius \u017emones aktyviau \u012fsitraukti \u012f savanori\u0161kas veiklas. Tyrim\u0173 pagrindu parengti mokymai NVO, siekiant pritraukti \u012fvairi\u0173 sri\u010di\u0173 (medicinos ekspert\u0173, \u017emogaus teisi\u0173, pedagogikos, psichologijos, socialini\u0173 sri\u010di\u0173, kult\u016bros bei sporto) specialistus, kurie savo \u017einiomis gal\u0117t\u0173 dalintis savanori\u0161kais pagrindais.<\/p>\n<p>Siekiant platesnio visuomen\u0117s \u0161vietimo ir skatinant savanoriavim\u0105, sutrikus\u012f intelekt\u0105 turin\u010di\u0173 asmen\u0173 bei j\u0173 \u0161eimos nari\u0173 bendruomen\u0117je nacionaliniu ir regioniniu lygmeniu, tyrimo rezultatai bus aptariami mokymuose, vie\u0161inami \u017eurnale VILTIS, bendrijos \u201eViltis\u201c internetiniame puslapyje bei socialiniuose tinkluose. Taip pat su tyrimo rezultatais bus supa\u017eindinta LR Socialin\u0117s apsaugos ir darbo ministerija.<\/p>\n<p><a href=\"https:\/\/viltis.lt\/lt\/wp-content\/uploads\/2022\/02\/Tyrimo-paais\u030ckinimas.docx.pdf\" target=\"_blank\" rel=\"noopener\"><img loading=\"lazy\" decoding=\"async\" class=\"alignnone size-full wp-image-613\" src=\"https:\/\/viltis.lt\/lt\/wp-content\/uploads\/2021\/11\/paveikslas.png\" alt=\"\" width=\"139\" height=\"139\" srcset=\"https:\/\/viltis.lt\/lt\/wp-content\/uploads\/2021\/11\/paveikslas.png 139w, https:\/\/viltis.lt\/lt\/wp-content\/uploads\/2021\/11\/paveikslas-90x90.png 90w, https:\/\/viltis.lt\/lt\/wp-content\/uploads\/2021\/11\/paveikslas-100x100.png 100w\" sizes=\"auto, (max-width: 139px) 100vw, 139px\" \/><\/a><\/p>\n<p><a href=\"https:\/\/viltis.lt\/lt\/wp-content\/uploads\/2022\/02\/Tyrimo-paais\u030ckinimas.docx.pdf\" target=\"_blank\" rel=\"noopener\">Tyrimo paai\u0161kinimas lengvai suprantama kalba<\/a><\/p>\n<p><a href=\"https:\/\/viltis.lt\/lt\/wp-content\/uploads\/2022\/02\/Ataskaita_galut.docx.pdf\" target=\"_blank\" rel=\"noopener\"><img loading=\"lazy\" decoding=\"async\" class=\"alignnone wp-image-626\" src=\"https:\/\/viltis.lt\/lt\/wp-content\/uploads\/2022\/02\/Tyrimas-296x300.png\" alt=\"\" width=\"143\" height=\"145\" srcset=\"https:\/\/viltis.lt\/lt\/wp-content\/uploads\/2022\/02\/Tyrimas-296x300.png 296w, https:\/\/viltis.lt\/lt\/wp-content\/uploads\/2022\/02\/Tyrimas-89x90.png 89w, https:\/\/viltis.lt\/lt\/wp-content\/uploads\/2022\/02\/Tyrimas-100x100.png 100w, https:\/\/viltis.lt\/lt\/wp-content\/uploads\/2022\/02\/Tyrimas.png 317w\" sizes=\"auto, (max-width: 143px) 100vw, 143px\" \/><\/a><\/p>\n<p><a href=\"https:\/\/viltis.lt\/lt\/wp-content\/uploads\/2022\/02\/Ataskaita_galut.docx.pdf\" target=\"_blank\" rel=\"noopener\">Tyrimo ataskaita<\/a><\/p>\n<p>Projekt\u0105 organizuoja Socialin\u0117s apsaugos ir darbo ministerija.<\/p>\n<p><img loading=\"lazy\" decoding=\"async\" class=\"alignnone size-medium wp-image-586\" src=\"https:\/\/viltis.lt\/lt\/wp-content\/uploads\/2022\/02\/SADM-logo_herbas1-768x282-1-300x110.png\" alt=\"\" width=\"300\" height=\"110\" srcset=\"https:\/\/viltis.lt\/lt\/wp-content\/uploads\/2022\/02\/SADM-logo_herbas1-768x282-1-300x110.png 300w, https:\/\/viltis.lt\/lt\/wp-content\/uploads\/2022\/02\/SADM-logo_herbas1-768x282-1-245x90.png 245w, https:\/\/viltis.lt\/lt\/wp-content\/uploads\/2022\/02\/SADM-logo_herbas1-768x282-1-600x220.png 600w, https:\/\/viltis.lt\/lt\/wp-content\/uploads\/2022\/02\/SADM-logo_herbas1-768x282-1.png 768w\" sizes=\"auto, (max-width: 300px) 100vw, 300px\" \/><\/p>\n<p>Projektas finansuojamas Nacionalini\u0173 nevyriausybini\u0173 organizacij\u0173 institucinio stiprinimo projekt\u0173 finansavimo 2021 metais atrankos konkurso l\u0117\u0161omis ir\u00a0 papildomomis l\u0117\u0161omis. Projekto pavadinimas: \u201eNVO, j\u0173 socialini\u0173 partneri\u0173 ir vald\u017eios bendradarbiavimo stiprinimas\u201c.<\/p>\n","protected":false},"excerpt":{"rendered":"<p>Lietuvos sutrikusio intelekto \u017emoni\u0173 globos bendrija \u201eViltis\u201c, siekdama susipa\u017einti su platesn\u0117mis galimyb\u0117mis \u012f savanori\u0161kas veiklas pritraukti \u012fvairi\u0173 profesini\u0173 \u017eini\u0173 \u012fgijusius 29 met\u0173 ir vyresnio am\u017eiaus asmenis ir skatinti j\u0173 motyvacij\u0105 nacionaliniu bei regioniniu lygmeniu teikti tikslin\u0119 savanori\u0161k\u0105 pagalb\u0105 sutrikusio intelekto \u017emon\u0117ms, j\u0173 \u0161eimos nariams bei glob\u0117jams, iniciavo visuomen\u0117s bei NVO atstov\u0173 nuomon\u0117s tyrim\u0105. \u0160iuo tyrimu [&hellip;]<\/p>\n","protected":false},"author":1,"featured_media":629,"comment_status":"closed","ping_status":"closed","sticky":false,"template":"","format":"standard","meta":{"_acf_changed":false,"footnotes":""},"categories":[1],"tags":[],"class_list":["post-624","post","type-post","status-publish","format-standard","has-post-thumbnail","hentry","category-be-kategorijos"],"acf":[],"lang":"lt","translations":{"lt":624},"pll_sync_post":[],"_links":{"self":[{"href":"https:\/\/viltis.lt\/lt\/wp-json\/wp\/v2\/posts\/624","targetHints":{"allow":["GET"]}}],"collection":[{"href":"https:\/\/viltis.lt\/lt\/wp-json\/wp\/v2\/posts"}],"about":[{"href":"https:\/\/viltis.lt\/lt\/wp-json\/wp\/v2\/types\/post"}],"author":[{"embeddable":true,"href":"https:\/\/viltis.lt\/lt\/wp-json\/wp\/v2\/users\/1"}],"replies":[{"embeddable":true,"href":"https:\/\/viltis.lt\/lt\/wp-json\/wp\/v2\/comments?post=624"}],"version-history":[{"count":1,"href":"https:\/\/viltis.lt\/lt\/wp-json\/wp\/v2\/posts\/624\/revisions"}],"predecessor-version":[{"id":628,"href":"https:\/\/viltis.lt\/lt\/wp-json\/wp\/v2\/posts\/624\/revisions\/628"}],"wp:featuredmedia":[{"embeddable":true,"href":"https:\/\/viltis.lt\/lt\/wp-json\/wp\/v2\/media\/629"}],"wp:attachment":[{"href":"https:\/\/viltis.lt\/lt\/wp-json\/wp\/v2\/media?parent=624"}],"wp:term":[{"taxonomy":"category","embeddable":true,"href":"https:\/\/viltis.lt\/lt\/wp-json\/wp\/v2\/categories?post=624"},{"taxonomy":"post_tag","embeddable":true,"href":"https:\/\/viltis.lt\/lt\/wp-json\/wp\/v2\/tags?post=624"}],"curies":[{"name":"wp","href":"https:\/\/api.w.org\/{rel}","templated":true}]}}