{"id":1517,"date":"2024-09-25T08:24:42","date_gmt":"2024-09-25T05:24:42","guid":{"rendered":"https:\/\/viltis.lt\/lt\/?p=1517"},"modified":"2024-09-25T08:24:42","modified_gmt":"2024-09-25T05:24:42","slug":"advokacija-raktas-i-sekminga-tikslu-pasiekima","status":"publish","type":"post","link":"https:\/\/viltis.lt\/lt\/advokacija-raktas-i-sekminga-tikslu-pasiekima\/","title":{"rendered":"\u201eAdvokacija \u2013 raktas \u012f s\u0117kming\u0105 tiksl\u0173 pasiekim\u0105\u201d"},"content":{"rendered":"<p>Rugs\u0117jo 18 d. Plung\u0117s rajono savivaldyb\u0117s Did\u017eiojoje sal\u0117je vyko Lietuvos sutrikusio intelekto  \u017emoni\u0173 globos bendrijos \u201eViltis\u201d organizuoti mokymai &#8211; \u201eAdvokacija \u2013 raktas \u012f s\u0117kming\u0105 tiksl\u0173 pasiekim\u0105\u201d. <\/p>\n<p>Mokym\u0173 metu buvo skaitytas Vilniaus universiteto, Teis\u0117s fakulteto doktorant\u0117s Kornelijos Krutulyt\u0117s prane\u0161imas Advokacijos tema bei pristatyti du s\u0117kmingos Advokacijos prane\u0161imai \u2013 Kauno ir \u0160aki\u0173 miest\u0173 Advokacijos atvej\u0173 amenims su intelekto negalia praktiniai aspektai.<\/p>\n<p>Mokymai finansuojami: Nacionalini\u0173 nevyriausybini\u0173 organizacij\u0173 institucinio stiprinimo projekt\u0173 finansavimo 2023 \u2013 2024 metais atrankos konkurso l\u0117\u0161omis. Projekto pavadinimas: \u201eNVO, dirban\u010di\u0173 asmen\u0173 su negalia, socialin\u0117 atskirties ir skurdo ma\u017eimo srityje, advokacin\u0117s veiklos 2023-2024\u201c (sutrumpintai \u201eNVO ADV\u201c).<\/p>\n","protected":false},"excerpt":{"rendered":"<p>Rugs\u0117jo 18 d. Plung\u0117s rajono savivaldyb\u0117s Did\u017eiojoje sal\u0117je vyko Lietuvos sutrikusio intelekto \u017emoni\u0173 globos bendrijos \u201eViltis\u201d organizuoti mokymai &#8211; \u201eAdvokacija \u2013 raktas \u012f s\u0117kming\u0105 tiksl\u0173 pasiekim\u0105\u201d. Mokym\u0173 metu buvo skaitytas Vilniaus universiteto, Teis\u0117s fakulteto doktorant\u0117s Kornelijos Krutulyt\u0117s prane\u0161imas Advokacijos tema bei pristatyti du s\u0117kmingos Advokacijos prane\u0161imai \u2013 Kauno ir \u0160aki\u0173 miest\u0173 Advokacijos atvej\u0173 amenims su [&hellip;]<\/p>\n","protected":false},"author":1,"featured_media":1518,"comment_status":"closed","ping_status":"closed","sticky":false,"template":"","format":"standard","meta":{"_acf_changed":false,"footnotes":""},"categories":[1],"tags":[],"class_list":["post-1517","post","type-post","status-publish","format-standard","has-post-thumbnail","hentry","category-be-kategorijos"],"acf":[],"lang":"lt","translations":{"lt":1517},"pll_sync_post":[],"_links":{"self":[{"href":"https:\/\/viltis.lt\/lt\/wp-json\/wp\/v2\/posts\/1517","targetHints":{"allow":["GET"]}}],"collection":[{"href":"https:\/\/viltis.lt\/lt\/wp-json\/wp\/v2\/posts"}],"about":[{"href":"https:\/\/viltis.lt\/lt\/wp-json\/wp\/v2\/types\/post"}],"author":[{"embeddable":true,"href":"https:\/\/viltis.lt\/lt\/wp-json\/wp\/v2\/users\/1"}],"replies":[{"embeddable":true,"href":"https:\/\/viltis.lt\/lt\/wp-json\/wp\/v2\/comments?post=1517"}],"version-history":[{"count":1,"href":"https:\/\/viltis.lt\/lt\/wp-json\/wp\/v2\/posts\/1517\/revisions"}],"predecessor-version":[{"id":1519,"href":"https:\/\/viltis.lt\/lt\/wp-json\/wp\/v2\/posts\/1517\/revisions\/1519"}],"wp:featuredmedia":[{"embeddable":true,"href":"https:\/\/viltis.lt\/lt\/wp-json\/wp\/v2\/media\/1518"}],"wp:attachment":[{"href":"https:\/\/viltis.lt\/lt\/wp-json\/wp\/v2\/media?parent=1517"}],"wp:term":[{"taxonomy":"category","embeddable":true,"href":"https:\/\/viltis.lt\/lt\/wp-json\/wp\/v2\/categories?post=1517"},{"taxonomy":"post_tag","embeddable":true,"href":"https:\/\/viltis.lt\/lt\/wp-json\/wp\/v2\/tags?post=1517"}],"curies":[{"name":"wp","href":"https:\/\/api.w.org\/{rel}","templated":true}]}}