{"id":1502,"date":"2024-09-24T22:03:50","date_gmt":"2024-09-24T19:03:50","guid":{"rendered":"https:\/\/viltis.lt\/lt\/?p=1502"},"modified":"2024-09-24T22:04:27","modified_gmt":"2024-09-24T19:04:27","slug":"projekto-kartu-together-mokymai-prahoje","status":"publish","type":"post","link":"https:\/\/viltis.lt\/lt\/projekto-kartu-together-mokymai-prahoje\/","title":{"rendered":"Projekto \u201eKartu\u201c (\u201eTogether\u201c) mokymai Prahoje"},"content":{"rendered":"<p>2024 m. rugs\u0117jo 11-13 vyko  projekto \u201eTogether\u201c mokymai, skirti deinstitucionalizacijos temai nagrin\u0117ti. Mokymuose dalyvavo bendrijos \u201eViltis\u201c grupinio gyvenimo nem\u0173 darbuotoja Simona Kirijenko, Valakampi\u0173 socialini\u0173 paslaug\u0173 centro direktoriaus pavaduotoja Virginija Paulauskyte ir projekto koordinator\u0117 Natalija Ol\u0117sova. Mokymus ved\u0117 Inclusion Europe direktorius Milanas \u0160verepa. Jau daug\u0117lis met\u0173 bendrija \u201eViltis\u201c yra Inclusion Europe nar\u0117 (Inclusion Europe jungia 68 narius i\u0161 39 \u0161ali\u0173, atstovaujan\u010dius \u017emon\u0117s su intelekto negalia,  j\u0173 t\u0117vus ir glob\u0117jus).<br \/>\nSusipa\u017einkite su mokym\u0173 dalyvi\u0173 atsiliepimais:   <\/p>\n<p>Virginija apie mokymus: mokymuose be dalyvi\u0173 i\u0161 Lietuvos dalyvavo  \u012fvairi\u0173 organizacij\u0173 atstovai i\u0161 \u010cekijos, Rumunijos, Belgijos  ir Slovakijos. Mokym\u0173  metu buvo daug kalb\u0117ta ir diskutuota apie real\u0173 asmen\u0173 su negalia \u012ftraukties proces\u0105, apie ai\u0161ki\u0105 nuostat\u0105, kad negali\u0105 turintis \u017emogus neturi b\u016bti izoliuotas nuo bendruomen\u0117s ir praleisti savo gyvenim\u0105 institucijoje, o didel\u0117s institucijos turi b\u016bti u\u017edarytos. <\/p>\n<p>Deinstitucionalizacija n\u0117ra greitas procesas, bet ji visiems turi b\u016bti suprantama kaip nat\u016bralus procesas ir svarbu, kad kuo daugiau \u017emoni\u0173, kurie yra svarb\u016bs jo vyksmui, apie j\u012f \u017einot\u0173, suvokt\u0173 jo svarb\u0105, palaikyt\u0173. Daug diskusij\u0173 suk\u0117l\u0117 pats institucijos, kurioje gyvena asmuo su negalia, apibr\u0117\u017eimas, suvokimas ir asmens gyvenimas ne institucijoje. <\/p>\n<p>Mokym\u0173 dalyvi\u0173 nuomon\u0117s i\u0161siskyr\u0117, kai kurie pabr\u0117\u017e\u0117, kad gyvenimas ne institucijoje rei\u0161kia gyvenim\u0105 ne didesn\u0117je nei 4-6 \u017emoni\u0173 grup\u0117je, kiti  &#8211; ne daugiau 10, bet svarbiausias dalykas \u2013 nam\u0173 atmosfera,  naudojimasis paslaugomis bendruomen\u0117je, ry\u0161i\u0173 palaikymas. I\u0161 ties, svarbu suprasti, kad perk\u0117lus asmen\u012f su negalia i\u0161 didel\u0117s institucijos \u012f ma\u017eesn\u0119, tai dar nerei\u0161kia deinstitucionalizacija. <\/p>\n<p>Svarbu visoms suinteresuotoms \u0161alims atsakyti \u012f klausim\u0105: ,,Kaip \u012fvertinsime, kad tai k\u0105 suk\u016br\u0117me \/ ar kuriame naujo deinstitucionalizacijos procese,  n\u0117ra institucija?, ,,Kokios m\u016bs\u0173 vertyb\u0117s ir kod\u0117l mes dalyvaujame \u0161iame procese?\u2018\u2018 Svarbiausia, kad \u0161i\u0173 poky\u010di\u0173 metu b\u016bt\u0173 i\u0161klausomas, girdimas ir aktyviai, kiek paj\u0117gia, dalyvaut\u0173, kalb\u0117t\u0173 pats asmuo su negalia. Lauksiu tolimesnio \u0161i\u0173 mokym\u0173 t\u0119sinio ir esu pasirengusi pasidalyti \u012fgytomis \u017einiomis. <\/p>\n<p>Simona apie mokymus: Rugs\u0117jo m\u0117nes\u012f Prahoje vyk\u0119 dvej\u0173 dien\u0173 trukm\u0117s mokymai, skirti deinstitucionalizacijos temai nagrin\u0117ti, buvo naudingi padedant gilintis \u012f institucijose gyvenan\u010di\u0173 \u017emoni\u0173 su negalia poreik\u012f gyventi sociume ir su tuo galimus patirti i\u0161\u0161\u016bkius. Buvo smagu sutikti dalyvius, atvykusius i\u0161 Slovakijos, Rumunijos ir \u010cekijos, Belgijos ir i\u0161girsti pastar\u0173j\u0173 \u012fkvepian\u010dias id\u0117jas, ugdan\u010dias patirtis ir \u012fdomias diskusijas. Mokym\u0173 metu pirmiausia d\u0117mesys buvo atkreiptas \u012f s\u0105vok\u0173 apibr\u0117\u017eties vienodumo svarb\u0105, savo vertybi\u0173 savianaliz\u0119 ir pozityv\u0173 \u0161iame procese dalyvaujan\u010di\u0173 \u017emoni\u0173 skatinim\u0105 atlikti ma\u017eus, ta\u010diau i\u0161samiai apgalvotus \u017eingsnius, vedan\u010dius link s\u0117kmingos deinstitucionalizacijos. <\/p>\n<p>Skirtingos perspektyvos ir supratimai \u012f su deinstitucionalizacijos tema susijusias s\u0105vokas gali pakloti nelyg\u0173 pamat\u0105, vedant\u012f prie skirting\u0173 tiksl\u0173, o negatyvas \u2013 suprie\u0161inti, demotyvuoti, atgrasyti aplinkinius nuo noro veikti ir keistis. \u0160ie mokymai ne tik asmeninio tobul\u0117jimo galimyb\u0117, bet ir \u012fpareigojanti atsakomyb\u0117: visa, ko pavyks pasisemti \u010dia, bus perduota Lietuvai. D\u0117l to taip pat skirta laiko rasti b\u016bdus, padedan\u010dius tinkamai i\u0161transliuoti pertvarkos svarb\u0105 visuomen\u0117ms. <\/p>\n<p>Tam buvo kuriamas mokym\u0173 planas, strukt\u016bra, turinys, kuriuos \u012fgyvendint\u0173 kiekvienas mokym\u0173 dalyvis savo \u0161alyje ir s\u0117kmingai pasidalint\u0173 sukauptomis \u017einiomis. Be to, tai buvo puiki galimyb\u0117 susim\u0105styti ir apie savo, nors dar tik pusmet\u012f trunkant\u012f, darb\u0105 grupinio gyvenimo namuose, t. y., ar neseniai Lietuvos sutrikusio intelekto \u017emoni\u0173 globos bendrijos ,,Viltis\u201c \u012fkurti grupinio gyvenimo namai Vilniuje ir Lentvaryje yra deinstitucionalizacijos ar transinstitucionalizacijos dalis; ar tampame tinkamu pavyzd\u017eiu kitiems, nes, kaip buvo min\u0117ta mokym\u0173 metu, \u017emon\u0117s n\u0117ra link\u0119 tik\u0117ti argumentais, jie tiki ir seka kit\u0173 atliekamais veiksmais, gerais pavyzd\u017eiais.<\/p>\n<p><a href=\"https:\/\/viltis.lt\/lt\/wp-content\/uploads\/2024\/09\/Praha-mokymai-scaled.jpg\"><img loading=\"lazy\" decoding=\"async\" src=\"https:\/\/viltis.lt\/lt\/wp-content\/uploads\/2024\/09\/Praha-mokymai-300x224.jpg\" alt=\"\" width=\"300\" height=\"224\" class=\"alignnone size-medium wp-image-1503\" srcset=\"https:\/\/viltis.lt\/lt\/wp-content\/uploads\/2024\/09\/Praha-mokymai-300x224.jpg 300w, https:\/\/viltis.lt\/lt\/wp-content\/uploads\/2024\/09\/Praha-mokymai-1024x766.jpg 1024w, https:\/\/viltis.lt\/lt\/wp-content\/uploads\/2024\/09\/Praha-mokymai-768x575.jpg 768w, https:\/\/viltis.lt\/lt\/wp-content\/uploads\/2024\/09\/Praha-mokymai-1536x1149.jpg 1536w, https:\/\/viltis.lt\/lt\/wp-content\/uploads\/2024\/09\/Praha-mokymai-2048x1532.jpg 2048w, https:\/\/viltis.lt\/lt\/wp-content\/uploads\/2024\/09\/Praha-mokymai-120x90.jpg 120w, https:\/\/viltis.lt\/lt\/wp-content\/uploads\/2024\/09\/Praha-mokymai-600x449.jpg 600w\" sizes=\"auto, (max-width: 300px) 100vw, 300px\" \/><\/a><\/p>\n","protected":false},"excerpt":{"rendered":"<p>2024 m. rugs\u0117jo 11-13 vyko projekto \u201eTogether\u201c mokymai, skirti deinstitucionalizacijos temai nagrin\u0117ti. Mokymuose dalyvavo bendrijos \u201eViltis\u201c grupinio gyvenimo nem\u0173 darbuotoja Simona Kirijenko, Valakampi\u0173 socialini\u0173 paslaug\u0173 centro direktoriaus pavaduotoja Virginija Paulauskyte ir projekto koordinator\u0117 Natalija Ol\u0117sova. Mokymus ved\u0117 Inclusion Europe direktorius Milanas \u0160verepa. Jau daug\u0117lis met\u0173 bendrija \u201eViltis\u201c yra Inclusion Europe nar\u0117 (Inclusion Europe jungia 68 [&hellip;]<\/p>\n","protected":false},"author":1,"featured_media":1503,"comment_status":"closed","ping_status":"closed","sticky":false,"template":"","format":"standard","meta":{"_acf_changed":false,"footnotes":""},"categories":[1],"tags":[],"class_list":["post-1502","post","type-post","status-publish","format-standard","has-post-thumbnail","hentry","category-be-kategorijos"],"acf":[],"lang":"lt","translations":{"lt":1502},"pll_sync_post":[],"_links":{"self":[{"href":"https:\/\/viltis.lt\/lt\/wp-json\/wp\/v2\/posts\/1502","targetHints":{"allow":["GET"]}}],"collection":[{"href":"https:\/\/viltis.lt\/lt\/wp-json\/wp\/v2\/posts"}],"about":[{"href":"https:\/\/viltis.lt\/lt\/wp-json\/wp\/v2\/types\/post"}],"author":[{"embeddable":true,"href":"https:\/\/viltis.lt\/lt\/wp-json\/wp\/v2\/users\/1"}],"replies":[{"embeddable":true,"href":"https:\/\/viltis.lt\/lt\/wp-json\/wp\/v2\/comments?post=1502"}],"version-history":[{"count":1,"href":"https:\/\/viltis.lt\/lt\/wp-json\/wp\/v2\/posts\/1502\/revisions"}],"predecessor-version":[{"id":1504,"href":"https:\/\/viltis.lt\/lt\/wp-json\/wp\/v2\/posts\/1502\/revisions\/1504"}],"wp:featuredmedia":[{"embeddable":true,"href":"https:\/\/viltis.lt\/lt\/wp-json\/wp\/v2\/media\/1503"}],"wp:attachment":[{"href":"https:\/\/viltis.lt\/lt\/wp-json\/wp\/v2\/media?parent=1502"}],"wp:term":[{"taxonomy":"category","embeddable":true,"href":"https:\/\/viltis.lt\/lt\/wp-json\/wp\/v2\/categories?post=1502"},{"taxonomy":"post_tag","embeddable":true,"href":"https:\/\/viltis.lt\/lt\/wp-json\/wp\/v2\/tags?post=1502"}],"curies":[{"name":"wp","href":"https:\/\/api.w.org\/{rel}","templated":true}]}}