{"id":1099,"date":"2022-10-06T09:32:05","date_gmt":"2022-10-06T06:32:05","guid":{"rendered":"https:\/\/viltis.lt\/lt\/?p=1099"},"modified":"2022-10-10T21:32:08","modified_gmt":"2022-10-10T18:32:08","slug":"idemocracy","status":"publish","type":"post","link":"https:\/\/viltis.lt\/lt\/idemocracy\/","title":{"rendered":"IDemocracy"},"content":{"rendered":"<p>Projektas &#8222;IDemokratija&#8221; yra baigiamajame etape. Per pastaruosius kelis m\u0117nesius visose projekte dalyvaujan\u010diose \u0161alyse buvo surengtos projekto patvirtinimo sesijos. Daugiau kaip 100 \u017emoni\u0173, tarp kuri\u0173 yra sutrikusio intelekto \u017emoni\u0173 ir j\u0173 pad\u0117j\u0117j\u0173, \u012fvertino program\u0105 ir mokymo med\u017eiag\u0105, taip pat &#8222;IDemokratijos e. mokymo priemon\u0119&#8221;. \u0160i veikla buvo vykdoma kartu su kiekvienu i\u0161 dalyvi\u0173 (Pranc\u016bzija, Portugalija, Graikija, Lietuva, Lietuva, Kroatija ir Ispanija).<\/p>\n<p>Patvirtinimo sesijos buvo vykdomos 2 skirtingais lygiais. Viena vertus, buvo vertinama &#8222;IDemokratijos mokymo veiklos&#8221;, mokymo med\u017eiagos ir e. mokymo platformos kokyb\u0117. Kita vertus, buvo tikrinama, ar mokym\u0173 dalyviai \u012fgijo tikslini\u0173 kompetencij\u0173, ar ne.<\/p>\n<p>&#8222;IDemokratija&#8221; yra nusta\u010diusi mokymosi tikslus, kurie skirti sutrikusio intelekto asmen\u0173 ir jiems padedan\u010di\u0173 asmen\u0173 kompetencij\u0173 ugdymui. \u0160ios kompetencijos susijusios su sutrikusio intelekto \u017emoni\u0173 demokratini\u0173 teisi\u0173 \u012fgyvendinimu skaitmenin\u0117je visuomen\u0117je. \u0160is Europos S\u0105jungos organizuojamas projektas baigsis 2022 m. spalio m\u0117n.<\/p>\n<p>Daugiau informacijos apie \u0161\u012f projekt\u0105 rasite \u0161ioje svetain\u0117je: https:\/\/idemocracy-project.eu\/.<\/p>\n<p><img loading=\"lazy\" decoding=\"async\" class=\"alignnone size-medium wp-image-1103\" src=\"https:\/\/viltis.lt\/lt\/wp-content\/uploads\/2022\/10\/1-300x191.png\" alt=\"\" width=\"300\" height=\"191\" srcset=\"https:\/\/viltis.lt\/lt\/wp-content\/uploads\/2022\/10\/1-300x191.png 300w, https:\/\/viltis.lt\/lt\/wp-content\/uploads\/2022\/10\/1-142x90.png 142w, https:\/\/viltis.lt\/lt\/wp-content\/uploads\/2022\/10\/1.png 530w\" sizes=\"auto, (max-width: 300px) 100vw, 300px\" \/><\/p>\n<p><img loading=\"lazy\" decoding=\"async\" class=\"alignnone size-medium wp-image-1104\" src=\"https:\/\/viltis.lt\/lt\/wp-content\/uploads\/2022\/10\/2-300x191.png\" alt=\"\" width=\"300\" height=\"191\" srcset=\"https:\/\/viltis.lt\/lt\/wp-content\/uploads\/2022\/10\/2-300x191.png 300w, https:\/\/viltis.lt\/lt\/wp-content\/uploads\/2022\/10\/2-142x90.png 142w, https:\/\/viltis.lt\/lt\/wp-content\/uploads\/2022\/10\/2.png 530w\" sizes=\"auto, (max-width: 300px) 100vw, 300px\" \/><\/p>\n<p><img loading=\"lazy\" decoding=\"async\" class=\"alignnone size-medium wp-image-1105\" src=\"https:\/\/viltis.lt\/lt\/wp-content\/uploads\/2022\/10\/3-194x300.png\" alt=\"\" width=\"194\" height=\"300\" srcset=\"https:\/\/viltis.lt\/lt\/wp-content\/uploads\/2022\/10\/3-194x300.png 194w, https:\/\/viltis.lt\/lt\/wp-content\/uploads\/2022\/10\/3-58x90.png 58w, https:\/\/viltis.lt\/lt\/wp-content\/uploads\/2022\/10\/3.png 328w\" sizes=\"auto, (max-width: 194px) 100vw, 194px\" \/> <img loading=\"lazy\" decoding=\"async\" class=\"alignnone size-medium wp-image-1106\" src=\"https:\/\/viltis.lt\/lt\/wp-content\/uploads\/2022\/10\/4-300x223.png\" alt=\"\" width=\"300\" height=\"223\" srcset=\"https:\/\/viltis.lt\/lt\/wp-content\/uploads\/2022\/10\/4-300x223.png 300w, https:\/\/viltis.lt\/lt\/wp-content\/uploads\/2022\/10\/4-121x90.png 121w, https:\/\/viltis.lt\/lt\/wp-content\/uploads\/2022\/10\/4.png 330w\" sizes=\"auto, (max-width: 300px) 100vw, 300px\" \/><\/p>\n<p>&nbsp;<\/p>\n","protected":false},"excerpt":{"rendered":"<p>Projektas &#8222;IDemokratija&#8221; yra baigiamajame etape. Per pastaruosius kelis m\u0117nesius visose projekte dalyvaujan\u010diose \u0161alyse buvo surengtos projekto patvirtinimo sesijos. Daugiau kaip 100 \u017emoni\u0173, tarp kuri\u0173 yra sutrikusio intelekto \u017emoni\u0173 ir j\u0173 pad\u0117j\u0117j\u0173, \u012fvertino program\u0105 ir mokymo med\u017eiag\u0105, taip pat &#8222;IDemokratijos e. mokymo priemon\u0119&#8221;. \u0160i veikla buvo vykdoma kartu su kiekvienu i\u0161 dalyvi\u0173 (Pranc\u016bzija, Portugalija, Graikija, Lietuva, [&hellip;]<\/p>\n","protected":false},"author":1,"featured_media":1130,"comment_status":"closed","ping_status":"closed","sticky":false,"template":"","format":"standard","meta":{"_acf_changed":false,"footnotes":""},"categories":[1],"tags":[],"class_list":["post-1099","post","type-post","status-publish","format-standard","has-post-thumbnail","hentry","category-be-kategorijos"],"acf":[],"lang":"lt","translations":{"lt":1099},"pll_sync_post":[],"_links":{"self":[{"href":"https:\/\/viltis.lt\/lt\/wp-json\/wp\/v2\/posts\/1099","targetHints":{"allow":["GET"]}}],"collection":[{"href":"https:\/\/viltis.lt\/lt\/wp-json\/wp\/v2\/posts"}],"about":[{"href":"https:\/\/viltis.lt\/lt\/wp-json\/wp\/v2\/types\/post"}],"author":[{"embeddable":true,"href":"https:\/\/viltis.lt\/lt\/wp-json\/wp\/v2\/users\/1"}],"replies":[{"embeddable":true,"href":"https:\/\/viltis.lt\/lt\/wp-json\/wp\/v2\/comments?post=1099"}],"version-history":[{"count":3,"href":"https:\/\/viltis.lt\/lt\/wp-json\/wp\/v2\/posts\/1099\/revisions"}],"predecessor-version":[{"id":1108,"href":"https:\/\/viltis.lt\/lt\/wp-json\/wp\/v2\/posts\/1099\/revisions\/1108"}],"wp:featuredmedia":[{"embeddable":true,"href":"https:\/\/viltis.lt\/lt\/wp-json\/wp\/v2\/media\/1130"}],"wp:attachment":[{"href":"https:\/\/viltis.lt\/lt\/wp-json\/wp\/v2\/media?parent=1099"}],"wp:term":[{"taxonomy":"category","embeddable":true,"href":"https:\/\/viltis.lt\/lt\/wp-json\/wp\/v2\/categories?post=1099"},{"taxonomy":"post_tag","embeddable":true,"href":"https:\/\/viltis.lt\/lt\/wp-json\/wp\/v2\/tags?post=1099"}],"curies":[{"name":"wp","href":"https:\/\/api.w.org\/{rel}","templated":true}]}}