{"id":1088,"date":"2022-08-28T13:37:09","date_gmt":"2022-08-28T10:37:09","guid":{"rendered":"https:\/\/viltis.lt\/lt\/?p=1088"},"modified":"2022-08-28T13:37:09","modified_gmt":"2022-08-28T10:37:09","slug":"kvieciame-pildyti-anketa","status":"publish","type":"post","link":"https:\/\/viltis.lt\/lt\/kvieciame-pildyti-anketa\/","title":{"rendered":"KVIE\u010cIAME PILDYTI ANKET\u0104"},"content":{"rendered":"<div>\n<p dir=\"auto\">Lietuvos sutrikusio intelekto \u017emoni\u0173 globos bendrija &#8222;Viltis&#8221; vykdo Lietuvos Respublikos socialin\u0117s apsaugos ir darbo ministerijos finansuojam\u0105 projekt\u0105, kuriame kartu su ekspertais atlieka tyrim\u0105 \u201eVie\u0161ojo valdymo tyrimas Lietuvos savivald\u0173 nacionalin\u0117se ir regionin\u0117se nevyriausybin\u0117se organizacijose\u201c.<\/p>\n<p dir=\"auto\">Tyrimo u\u017edavinys \u2013 i\u0161analizuoti nacionalini\u0173 NVO ir regionini\u0173 NVO, dirban\u010di\u0173 skurdo, socialin\u0117s atskirties ma\u017einimo ir ne\u012fgali\u0173j\u0173 teisi\u0173 apsaugos srityse \u012fsitraukim\u0105 \u012f vie\u0161\u0173j\u0173 sprendim\u0173 pri\u0117mim\u0105 per vie\u0161\u0173j\u0173 socialini\u0173 paslaug\u0173 teikim\u0105. Gautus rezultatus panaudojant NVO geb\u0117jim\u0173 stiprinimui, dalyvaujant vie\u0161ojo valdymo sprendim\u0173 pri\u0117mime ir vie\u0161\u0173j\u0173 socialini\u0173 paslaug\u0173 teikime.<\/p>\n<p dir=\"auto\">Siekiant \u012fgyvendinti nurodyt\u0105 tyrimo u\u017edavin\u012f Lietuvos sutrikusio intelekto \u017emoni\u0173 globos bendrija \u201eViltis\u201c vykdo apklaus\u0105, kurios tikslin\u0117 grup\u0117 yra vietos savivaldyb\u0117s, asmen\u0173 su negalia artimieji ir NVO.<\/p>\n<p dir=\"auto\">Maloniai pra\u0161ome u\u017epildyti pridedam\u0105 apklausos anket\u0105, kuri atitinka J\u016bs\u0173 tikslin\u0119 grup\u0119:<\/p>\n<p dir=\"auto\">1) Anketa skirta asmenis su negalia\/asmen\u0173 su negalia artimiesiems: <a role=\"link\" href=\"https:\/\/forms.gle\/HLsC2qhqMvbUpTCQ8?fbclid=IwAR1iGj8KTfFETSO5yZbj8uhiQHyrGzfcri6qvNNN9D3bhzG1hLmXGLq0t1Q\" target=\"_blank\" rel=\"nofollow noopener\" data-saferedirecturl=\"https:\/\/www.google.com\/url?q=https:\/\/forms.gle\/HLsC2qhqMvbUpTCQ8?fbclid%3DIwAR1iGj8KTfFETSO5yZbj8uhiQHyrGzfcri6qvNNN9D3bhzG1hLmXGLq0t1Q&amp;source=gmail&amp;ust=1661769193370000&amp;usg=AOvVaw1-F8QArr0F7YWwi8oGSGmA\">https:\/\/forms.gle\/<wbr \/>HLsC2qhqMvbUpTCQ8<\/a><\/p>\n<p dir=\"auto\">2) Anketa skirta NVO: <a role=\"link\" href=\"https:\/\/forms.gle\/P1AHKDX5ZKkDvYeF6?fbclid=IwAR3BfreAv49YjMEHDfFUQlI0X4LAgiSVbnY-XnrcFJ04zlwftWPXObHfZo0\" target=\"_blank\" rel=\"nofollow noopener\" data-saferedirecturl=\"https:\/\/www.google.com\/url?q=https:\/\/forms.gle\/P1AHKDX5ZKkDvYeF6?fbclid%3DIwAR3BfreAv49YjMEHDfFUQlI0X4LAgiSVbnY-XnrcFJ04zlwftWPXObHfZo0&amp;source=gmail&amp;ust=1661769193370000&amp;usg=AOvVaw2lu7ryqOp2cxvpPvN-aJXO\">https:\/\/forms.gle\/<wbr \/>P1AHKDX5ZKkDvYeF6<\/a><\/p>\n<p dir=\"auto\">3) Anketa skirta savivaldyb\u0117ms: <a role=\"link\" href=\"https:\/\/forms.gle\/2TqGEH9GeqQCpagC9?fbclid=IwAR0tTxQJLDdTEEH7oPu7o4316RvlpdCBHZ-GrwYrQDSWYFnApTAd-z7bv8Y\" target=\"_blank\" rel=\"nofollow noopener\" data-saferedirecturl=\"https:\/\/www.google.com\/url?q=https:\/\/forms.gle\/2TqGEH9GeqQCpagC9?fbclid%3DIwAR0tTxQJLDdTEEH7oPu7o4316RvlpdCBHZ-GrwYrQDSWYFnApTAd-z7bv8Y&amp;source=gmail&amp;ust=1661769193370000&amp;usg=AOvVaw3viHLxHlvE2zvEI2wl26oo\">https:\/\/forms.gle\/<wbr \/>2TqGEH9GeqQCpagC9<\/a>.<\/p>\n<\/div>\n<p>&nbsp;<\/p>\n","protected":false},"excerpt":{"rendered":"<p>Lietuvos sutrikusio intelekto \u017emoni\u0173 globos bendrija &#8222;Viltis&#8221; vykdo Lietuvos Respublikos socialin\u0117s apsaugos ir darbo ministerijos finansuojam\u0105 projekt\u0105, kuriame kartu su ekspertais atlieka tyrim\u0105 \u201eVie\u0161ojo valdymo tyrimas Lietuvos savivald\u0173 nacionalin\u0117se ir regionin\u0117se nevyriausybin\u0117se organizacijose\u201c. Tyrimo u\u017edavinys \u2013 i\u0161analizuoti nacionalini\u0173 NVO ir regionini\u0173 NVO, dirban\u010di\u0173 skurdo, socialin\u0117s atskirties ma\u017einimo ir ne\u012fgali\u0173j\u0173 teisi\u0173 apsaugos srityse \u012fsitraukim\u0105 \u012f vie\u0161\u0173j\u0173 [&hellip;]<\/p>\n","protected":false},"author":1,"featured_media":1089,"comment_status":"closed","ping_status":"closed","sticky":false,"template":"","format":"standard","meta":{"_acf_changed":false,"footnotes":""},"categories":[1],"tags":[],"class_list":["post-1088","post","type-post","status-publish","format-standard","has-post-thumbnail","hentry","category-be-kategorijos"],"acf":[],"lang":"lt","translations":{"lt":1088},"pll_sync_post":[],"_links":{"self":[{"href":"https:\/\/viltis.lt\/lt\/wp-json\/wp\/v2\/posts\/1088","targetHints":{"allow":["GET"]}}],"collection":[{"href":"https:\/\/viltis.lt\/lt\/wp-json\/wp\/v2\/posts"}],"about":[{"href":"https:\/\/viltis.lt\/lt\/wp-json\/wp\/v2\/types\/post"}],"author":[{"embeddable":true,"href":"https:\/\/viltis.lt\/lt\/wp-json\/wp\/v2\/users\/1"}],"replies":[{"embeddable":true,"href":"https:\/\/viltis.lt\/lt\/wp-json\/wp\/v2\/comments?post=1088"}],"version-history":[{"count":2,"href":"https:\/\/viltis.lt\/lt\/wp-json\/wp\/v2\/posts\/1088\/revisions"}],"predecessor-version":[{"id":1096,"href":"https:\/\/viltis.lt\/lt\/wp-json\/wp\/v2\/posts\/1088\/revisions\/1096"}],"wp:featuredmedia":[{"embeddable":true,"href":"https:\/\/viltis.lt\/lt\/wp-json\/wp\/v2\/media\/1089"}],"wp:attachment":[{"href":"https:\/\/viltis.lt\/lt\/wp-json\/wp\/v2\/media?parent=1088"}],"wp:term":[{"taxonomy":"category","embeddable":true,"href":"https:\/\/viltis.lt\/lt\/wp-json\/wp\/v2\/categories?post=1088"},{"taxonomy":"post_tag","embeddable":true,"href":"https:\/\/viltis.lt\/lt\/wp-json\/wp\/v2\/tags?post=1088"}],"curies":[{"name":"wp","href":"https:\/\/api.w.org\/{rel}","templated":true}]}}